{"id":16820,"date":"2024-02-22T08:22:13","date_gmt":"2024-02-22T07:22:13","guid":{"rendered":"https:\/\/kehl.dakd.de\/?p=16820"},"modified":"2024-02-22T08:22:25","modified_gmt":"2024-02-22T07:22:25","slug":"22-02-die-weisheit-gottes-und-das-gute-tun-taegliche-andacht-von-pfarrer-diradur","status":"publish","type":"post","link":"https:\/\/kehl.dakd.de\/am\/2024\/02\/22\/22-02-die-weisheit-gottes-und-das-gute-tun-taegliche-andacht-von-pfarrer-diradur\/","title":{"rendered":"22.02. | Die Weisheit Gottes und das Gute Tun \u2013 T\u00e4gliche Andacht von Pfarrer Diradur"},"content":{"rendered":"<div class=\"fusion-fullwidth fullwidth-box fusion-builder-row-1 fusion-flex-container nonhundred-percent-fullwidth non-hundred-percent-height-scrolling\" style=\"--awb-border-radius-top-left:0px;--awb-border-radius-top-right:0px;--awb-border-radius-bottom-right:0px;--awb-border-radius-bottom-left:0px;--awb-flex-wrap:wrap;\" ><div class=\"fusion-builder-row fusion-row fusion-flex-align-items-flex-start fusion-flex-content-wrap\" style=\"max-width:1248px;margin-left: calc(-4% \/ 2 );margin-right: calc(-4% \/ 2 );\"><div class=\"fusion-layout-column fusion_builder_column fusion-builder-column-0 fusion_builder_column_1_1 1_1 fusion-flex-column\" style=\"--awb-bg-size:cover;--awb-width-large:100%;--awb-margin-top-large:0px;--awb-spacing-right-large:1.92%;--awb-margin-bottom-large:20px;--awb-spacing-left-large:1.92%;--awb-width-medium:100%;--awb-order-medium:0;--awb-spacing-right-medium:1.92%;--awb-spacing-left-medium:1.92%;--awb-width-small:100%;--awb-order-small:0;--awb-spacing-right-small:1.92%;--awb-spacing-left-small:1.92%;\"><div class=\"fusion-column-wrapper fusion-column-has-shadow fusion-flex-justify-content-flex-start fusion-content-layout-column\"><div class=\"fusion-title title fusion-title-1 fusion-sep-none fusion-title-text fusion-title-size-one\"><h1 class=\"fusion-title-heading title-heading-left\" style=\"margin:0;\"><p class=\"fusion-title-heading title-heading-left\">22.02. | Die Weisheit Gottes und das Gute Tun<\/p><\/h1><\/div><div class=\"fusion-title title fusion-title-2 fusion-sep-none fusion-title-text fusion-title-size-one\"><h1 class=\"fusion-title-heading title-heading-left\" style=\"margin:0;\"><p class=\"fusion-title-heading title-heading-left\">T\u00e4gliche Andacht von Pfarrer Diradur<\/p><\/h1><\/div><div class=\"fusion-text fusion-text-1\" style=\"--awb-text-transform:none;\"><p>Die Weisheit, von der in <a href=\"https:\/\/www.bibleserver.com\/EU\/Spr%C3%BCche3%2C4-11.14\" class=\"bibleserver extern\" target=\"_blank\" rel=\"noopener\">Spr\u00fcche 3.11 &#8211; 4.14<\/a> gesprochen wird, ist keine blo\u00dfe menschliche Erkenntnis. Nein, sie ist vielmehr eine g\u00f6ttliche Gabe, die uns hilft, ein Leben in Einklang mit Gottes Willen zu f\u00fchren. Gerade heute klingt sie Ermahnung des Solomos aktueller denn je. Anders, als die aktuelle hedonistisch gepr\u00e4gte Psychologie es tut, werden wir hier ermahnt, die Zucht des Herrn nicht abzulehnen, denn diejenigen, die der Herr liebt, erzieht er. Diese Erziehung mag manchmal schmerzhaft sein, doch sie dient unserem geistlichen Wachstum und f\u00fchrt letztendlich zur Erl\u00f6sung.<\/p>\n<p>Die Weisheit wird hier mit kostbaren Sch\u00e4tzen verglichen, die nichts auf dieser Welt ersetzen k\u00f6nnen. Sie ist nicht von kurzem Dauer, wie vieles auf dieser Welt. \u00a0Sie schenkt uns langes Leben und materiellen Wohlstand, vor allem aber auch inneren Frieden und Sicherheit. Wenn wir die g\u00f6ttliche Weisheit erlangen, k\u00f6nnen wir inmitten der St\u00fcrme des Lebens ruhig und gelassen bleiben, denn wir vertrauen darauf, dass der Herr uns f\u00fchrt und besch\u00fctzt.<\/p>\n<p>Doch Weisheit allein gen\u00fcgt nicht. Sie muss mit Taten verbunden sein. Wir werden aufgefordert, den Bed\u00fcrftigen Gutes zu tun und nicht neidisch auf andere zu sein, denen es in unseren Augen besser geht. Wir sollen uns nicht in Streitigkeiten verwickeln lassen und b\u00f6ses bewirken. Nein, wir sollen dem Weg der Gerechtigkeit folgen, auch wenn es schwierig ist und in Demut vor Gott wandeln. Dabei ist mit Demut folgenden gemeint: Es soll uns bewusst sein, dass nur Gott der Sch\u00f6pfer und Herr ist und wir seine Kinder und Verwalter der Sch\u00f6pfung.<\/p>\n<p>Lasst uns daher danach streben, Weisheit zu erlangen und sie in unserem t\u00e4glichen Leben zu verwirklichen. M\u00f6ge der Herr uns auf diesem Weg f\u00fchren und uns mit seiner Gnade und seinem Segen begleiten.<\/p>\n<p><strong>Gebet:<\/strong><\/p>\n<p>Herr Jesus Christus, du bist Wort Gottes, der Mensch geworden ist, um uns den Weg zum Vater zu zeigen. Schenke uns deinen Heiligen Geist, damit wir deine Weisheit erkennen und Kraft, damit wir nach Deiner Weisheit in unserem Leben handeln k\u00f6nnen. Hilf uns, Gutes zu tun, dem B\u00f6sen zu widerstehen und in Liebe und Frieden miteinander zu leben. Amen.<\/p>\n<\/div><\/div><\/div><\/div><\/div>","protected":false},"excerpt":{"rendered":"","protected":false},"author":12,"featured_media":16821,"comment_status":"closed","ping_status":"closed","sticky":false,"template":"","format":"standard","meta":{"footnotes":""},"categories":[107],"tags":[],"class_list":["post-16820","post","type-post","status-publish","format-standard","has-post-thumbnail","hentry","category-glaubensfragen"],"_links":{"self":[{"href":"https:\/\/kehl.dakd.de\/am\/wp-json\/wp\/v2\/posts\/16820","targetHints":{"allow":["GET"]}}],"collection":[{"href":"https:\/\/kehl.dakd.de\/am\/wp-json\/wp\/v2\/posts"}],"about":[{"href":"https:\/\/kehl.dakd.de\/am\/wp-json\/wp\/v2\/types\/post"}],"author":[{"embeddable":true,"href":"https:\/\/kehl.dakd.de\/am\/wp-json\/wp\/v2\/users\/12"}],"replies":[{"embeddable":true,"href":"https:\/\/kehl.dakd.de\/am\/wp-json\/wp\/v2\/comments?post=16820"}],"version-history":[{"count":0,"href":"https:\/\/kehl.dakd.de\/am\/wp-json\/wp\/v2\/posts\/16820\/revisions"}],"wp:featuredmedia":[{"embeddable":true,"href":"https:\/\/kehl.dakd.de\/am\/wp-json\/wp\/v2\/media\/16821"}],"wp:attachment":[{"href":"https:\/\/kehl.dakd.de\/am\/wp-json\/wp\/v2\/media?parent=16820"}],"wp:term":[{"taxonomy":"category","embeddable":true,"href":"https:\/\/kehl.dakd.de\/am\/wp-json\/wp\/v2\/categories?post=16820"},{"taxonomy":"post_tag","embeddable":true,"href":"https:\/\/kehl.dakd.de\/am\/wp-json\/wp\/v2\/tags?post=16820"}],"curies":[{"name":"wp","href":"https:\/\/api.w.org\/{rel}","templated":true}]}}